{"id":2333,"date":"2025-10-30T09:17:33","date_gmt":"2025-10-30T08:17:33","guid":{"rendered":"https:\/\/zerog.physik.uni-greifswald.de\/?p=2333"},"modified":"2025-11-03T14:48:56","modified_gmt":"2025-11-03T13:48:56","slug":"flugtag-3-ein-letztes-mal-fuer-dieses-jahr","status":"publish","type":"post","link":"https:\/\/zerog.physik.uni-greifswald.de\/?p=2333","title":{"rendered":"Flugtag 3 &#8211; Ein letztes Mal f\u00fcr dieses Jahr"},"content":{"rendered":"\n<p>So, auch heute k\u00f6nnen wir trotz Nebels einen planm\u00e4\u00dfigen Start bekanntgeben. Die Crew bestehend aus Christina, Daniel II, Jan und Wojciech ist gegen 09:16 abgehoben.<br>Da \u00fcber dem Mittelmeer geflogen werden soll, erwarten wir, dass der Flug heute ein klein wenig l\u00e4nger dauert.<\/p>\n\n\n\n<figure class=\"wp-block-gallery has-nested-images columns-default is-cropped wp-block-gallery-1 is-layout-flex wp-block-gallery-is-layout-flex\">\n<figure data-wp-context=\"{&quot;imageId&quot;:&quot;69f3ccd25516e&quot;}\" data-wp-interactive=\"core\/image\" data-wp-key=\"69f3ccd25516e\" class=\"wp-block-image size-large wp-lightbox-container\"><img loading=\"lazy\" decoding=\"async\" width=\"800\" height=\"532\" data-wp-class--hide=\"state.isContentHidden\" data-wp-class--show=\"state.isContentVisible\" data-wp-init=\"callbacks.setButtonStyles\" data-wp-on--click=\"actions.showLightbox\" data-wp-on--load=\"callbacks.setButtonStyles\" data-wp-on-window--resize=\"callbacks.setButtonStyles\" data-id=\"2339\" src=\"https:\/\/zerog.physik.uni-greifswald.de\/wp-content\/uploads\/2025\/10\/TRL_2924-800x532.jpg\" alt=\"\" class=\"wp-image-2339\" srcset=\"https:\/\/zerog.physik.uni-greifswald.de\/wp-content\/uploads\/2025\/10\/TRL_2924-800x532.jpg 800w, https:\/\/zerog.physik.uni-greifswald.de\/wp-content\/uploads\/2025\/10\/TRL_2924-300x200.jpg 300w, https:\/\/zerog.physik.uni-greifswald.de\/wp-content\/uploads\/2025\/10\/TRL_2924-768x511.jpg 768w, https:\/\/zerog.physik.uni-greifswald.de\/wp-content\/uploads\/2025\/10\/TRL_2924-1536x1022.jpg 1536w, https:\/\/zerog.physik.uni-greifswald.de\/wp-content\/uploads\/2025\/10\/TRL_2924-2048x1363.jpg 2048w\" sizes=\"auto, (max-width: 800px) 100vw, 800px\" \/><button\n\t\t\tclass=\"lightbox-trigger\"\n\t\t\ttype=\"button\"\n\t\t\taria-haspopup=\"dialog\"\n\t\t\taria-label=\"Vergr\u00f6\u00dfern\"\n\t\t\tdata-wp-init=\"callbacks.initTriggerButton\"\n\t\t\tdata-wp-on--click=\"actions.showLightbox\"\n\t\t\tdata-wp-style--right=\"state.imageButtonRight\"\n\t\t\tdata-wp-style--top=\"state.imageButtonTop\"\n\t\t>\n\t\t\t<svg xmlns=\"http:\/\/www.w3.org\/2000\/svg\" width=\"12\" height=\"12\" fill=\"none\" viewBox=\"0 0 12 12\">\n\t\t\t\t<path fill=\"#fff\" d=\"M2 0a2 2 0 0 0-2 2v2h1.5V2a.5.5 0 0 1 .5-.5h2V0H2Zm2 10.5H2a.5.5 0 0 1-.5-.5V8H0v2a2 2 0 0 0 2 2h2v-1.5ZM8 12v-1.5h2a.5.5 0 0 0 .5-.5V8H12v2a2 2 0 0 1-2 2H8Zm2-12a2 2 0 0 1 2 2v2h-1.5V2a.5.5 0 0 0-.5-.5H8V0h2Z\" \/>\n\t\t\t<\/svg>\n\t\t<\/button><figcaption class=\"wp-element-caption\">Jan ist bereit und Daniel II bestellt noch besseres Wetter.<\/figcaption><\/figure>\n\n\n\n<figure data-wp-context=\"{&quot;imageId&quot;:&quot;69f3ccd255766&quot;}\" data-wp-interactive=\"core\/image\" data-wp-key=\"69f3ccd255766\" class=\"wp-block-image size-large wp-lightbox-container\"><img loading=\"lazy\" decoding=\"async\" width=\"800\" height=\"532\" data-wp-class--hide=\"state.isContentHidden\" data-wp-class--show=\"state.isContentVisible\" data-wp-init=\"callbacks.setButtonStyles\" data-wp-on--click=\"actions.showLightbox\" data-wp-on--load=\"callbacks.setButtonStyles\" data-wp-on-window--resize=\"callbacks.setButtonStyles\" data-id=\"2341\" src=\"https:\/\/zerog.physik.uni-greifswald.de\/wp-content\/uploads\/2025\/10\/TRL_2929-800x532.jpg\" alt=\"\" class=\"wp-image-2341\" srcset=\"https:\/\/zerog.physik.uni-greifswald.de\/wp-content\/uploads\/2025\/10\/TRL_2929-800x532.jpg 800w, https:\/\/zerog.physik.uni-greifswald.de\/wp-content\/uploads\/2025\/10\/TRL_2929-300x200.jpg 300w, https:\/\/zerog.physik.uni-greifswald.de\/wp-content\/uploads\/2025\/10\/TRL_2929-768x511.jpg 768w, https:\/\/zerog.physik.uni-greifswald.de\/wp-content\/uploads\/2025\/10\/TRL_2929-1536x1022.jpg 1536w, https:\/\/zerog.physik.uni-greifswald.de\/wp-content\/uploads\/2025\/10\/TRL_2929-2048x1363.jpg 2048w\" sizes=\"auto, (max-width: 800px) 100vw, 800px\" \/><button\n\t\t\tclass=\"lightbox-trigger\"\n\t\t\ttype=\"button\"\n\t\t\taria-haspopup=\"dialog\"\n\t\t\taria-label=\"Vergr\u00f6\u00dfern\"\n\t\t\tdata-wp-init=\"callbacks.initTriggerButton\"\n\t\t\tdata-wp-on--click=\"actions.showLightbox\"\n\t\t\tdata-wp-style--right=\"state.imageButtonRight\"\n\t\t\tdata-wp-style--top=\"state.imageButtonTop\"\n\t\t>\n\t\t\t<svg xmlns=\"http:\/\/www.w3.org\/2000\/svg\" width=\"12\" height=\"12\" fill=\"none\" viewBox=\"0 0 12 12\">\n\t\t\t\t<path fill=\"#fff\" d=\"M2 0a2 2 0 0 0-2 2v2h1.5V2a.5.5 0 0 1 .5-.5h2V0H2Zm2 10.5H2a.5.5 0 0 1-.5-.5V8H0v2a2 2 0 0 0 2 2h2v-1.5ZM8 12v-1.5h2a.5.5 0 0 0 .5-.5V8H12v2a2 2 0 0 1-2 2H8Zm2-12a2 2 0 0 1 2 2v2h-1.5V2a.5.5 0 0 0-.5-.5H8V0h2Z\" \/>\n\t\t\t<\/svg>\n\t\t<\/button><figcaption class=\"wp-element-caption\">Auch wenn es anders aussieht. Noch haben wir Schwerkraft.<\/figcaption><\/figure>\n<\/figure>\n\n\n\n<figure data-wp-context=\"{&quot;imageId&quot;:&quot;69f3ccd2562d5&quot;}\" data-wp-interactive=\"core\/image\" data-wp-key=\"69f3ccd2562d5\" class=\"wp-block-image size-large wp-lightbox-container\"><img loading=\"lazy\" decoding=\"async\" width=\"800\" height=\"450\" data-wp-class--hide=\"state.isContentHidden\" data-wp-class--show=\"state.isContentVisible\" data-wp-init=\"callbacks.setButtonStyles\" data-wp-on--click=\"actions.showLightbox\" data-wp-on--load=\"callbacks.setButtonStyles\" data-wp-on-window--resize=\"callbacks.setButtonStyles\" src=\"https:\/\/zerog.physik.uni-greifswald.de\/wp-content\/uploads\/2025\/10\/DSC01833-800x450.jpg\" alt=\"\" class=\"wp-image-2337\" srcset=\"https:\/\/zerog.physik.uni-greifswald.de\/wp-content\/uploads\/2025\/10\/DSC01833-800x450.jpg 800w, https:\/\/zerog.physik.uni-greifswald.de\/wp-content\/uploads\/2025\/10\/DSC01833-300x169.jpg 300w, https:\/\/zerog.physik.uni-greifswald.de\/wp-content\/uploads\/2025\/10\/DSC01833-768x432.jpg 768w, https:\/\/zerog.physik.uni-greifswald.de\/wp-content\/uploads\/2025\/10\/DSC01833-1536x864.jpg 1536w, https:\/\/zerog.physik.uni-greifswald.de\/wp-content\/uploads\/2025\/10\/DSC01833-2048x1152.jpg 2048w\" sizes=\"auto, (max-width: 800px) 100vw, 800px\" \/><button\n\t\t\tclass=\"lightbox-trigger\"\n\t\t\ttype=\"button\"\n\t\t\taria-haspopup=\"dialog\"\n\t\t\taria-label=\"Vergr\u00f6\u00dfern\"\n\t\t\tdata-wp-init=\"callbacks.initTriggerButton\"\n\t\t\tdata-wp-on--click=\"actions.showLightbox\"\n\t\t\tdata-wp-style--right=\"state.imageButtonRight\"\n\t\t\tdata-wp-style--top=\"state.imageButtonTop\"\n\t\t>\n\t\t\t<svg xmlns=\"http:\/\/www.w3.org\/2000\/svg\" width=\"12\" height=\"12\" fill=\"none\" viewBox=\"0 0 12 12\">\n\t\t\t\t<path fill=\"#fff\" d=\"M2 0a2 2 0 0 0-2 2v2h1.5V2a.5.5 0 0 1 .5-.5h2V0H2Zm2 10.5H2a.5.5 0 0 1-.5-.5V8H0v2a2 2 0 0 0 2 2h2v-1.5ZM8 12v-1.5h2a.5.5 0 0 0 .5-.5V8H12v2a2 2 0 0 1-2 2H8Zm2-12a2 2 0 0 1 2 2v2h-1.5V2a.5.5 0 0 0-.5-.5H8V0h2Z\" \/>\n\t\t\t<\/svg>\n\t\t<\/button><figcaption class=\"wp-element-caption\">Auf in den Nebel.<\/figcaption><\/figure>\n","protected":false},"excerpt":{"rendered":"<p>So, auch heute k\u00f6nnen wir trotz Nebels einen planm\u00e4\u00dfigen Start bekanntgeben. Die Crew bestehend aus Christina, Daniel II, Jan und Wojciech ist gegen 09:16 abgehoben.Da \u00fcber dem Mittelmeer geflogen werden soll, erwarten wir, dass der Flug heute ein klein wenig l\u00e4nger dauert.<\/p>\n","protected":false},"author":18,"featured_media":0,"comment_status":"open","ping_status":"closed","sticky":false,"template":"","format":"standard","meta":{"footnotes":""},"categories":[1],"tags":[],"class_list":["post-2333","post","type-post","status-publish","format-standard","hentry","category-allgemein"],"_links":{"self":[{"href":"https:\/\/zerog.physik.uni-greifswald.de\/index.php?rest_route=\/wp\/v2\/posts\/2333","targetHints":{"allow":["GET"]}}],"collection":[{"href":"https:\/\/zerog.physik.uni-greifswald.de\/index.php?rest_route=\/wp\/v2\/posts"}],"about":[{"href":"https:\/\/zerog.physik.uni-greifswald.de\/index.php?rest_route=\/wp\/v2\/types\/post"}],"author":[{"embeddable":true,"href":"https:\/\/zerog.physik.uni-greifswald.de\/index.php?rest_route=\/wp\/v2\/users\/18"}],"replies":[{"embeddable":true,"href":"https:\/\/zerog.physik.uni-greifswald.de\/index.php?rest_route=%2Fwp%2Fv2%2Fcomments&post=2333"}],"version-history":[{"count":6,"href":"https:\/\/zerog.physik.uni-greifswald.de\/index.php?rest_route=\/wp\/v2\/posts\/2333\/revisions"}],"predecessor-version":[{"id":2366,"href":"https:\/\/zerog.physik.uni-greifswald.de\/index.php?rest_route=\/wp\/v2\/posts\/2333\/revisions\/2366"}],"wp:attachment":[{"href":"https:\/\/zerog.physik.uni-greifswald.de\/index.php?rest_route=%2Fwp%2Fv2%2Fmedia&parent=2333"}],"wp:term":[{"taxonomy":"category","embeddable":true,"href":"https:\/\/zerog.physik.uni-greifswald.de\/index.php?rest_route=%2Fwp%2Fv2%2Fcategories&post=2333"},{"taxonomy":"post_tag","embeddable":true,"href":"https:\/\/zerog.physik.uni-greifswald.de\/index.php?rest_route=%2Fwp%2Fv2%2Ftags&post=2333"}],"curies":[{"name":"wp","href":"https:\/\/api.w.org\/{rel}","templated":true}]}}